{"id":694,"date":"2023-03-25T22:30:00","date_gmt":"2023-03-25T21:30:00","guid":{"rendered":"https:\/\/greiner.mu\/?p=694"},"modified":"2023-03-24T12:48:17","modified_gmt":"2023-03-24T11:48:17","slug":"mauritius-im-rueckblick","status":"publish","type":"post","link":"https:\/\/greiner.mu\/fr\/2023\/03\/25\/mauritius-im-rueckblick\/","title":{"rendered":"Bye bye l'\u00eele Maurice"},"content":{"rendered":"<p>Die 51 Tage hier auf Mauritius sind wie im Flug vergangen. Die Bilder sprechen r\u00fcckblickend f\u00fcr sich. Es ist toll hier und ausser unserer Familie und unsere Freunde haben wir nichts vermisst. Es gibt f\u00fcr Geld hier wirklich alles zu kaufen (bis auf das laktosefreies Joghurt). Die Shopping Mall\u2018s sind gut sortiert und sind auf der ganzen Insel verteilt. Das Strassennetz ist besser als gedacht und an den Linksverkehr gew\u00f6hnt man sich nach einiger Zeit auch. Es wird \u00fcberall viel gebaut und das Wachstum ist \u00fcberall zu sehen, ob gut oder schlecht wird sich zeigen. Das Gesundheitswesen ist getestet und f\u00fcr gut befunden worden. Wir kommen bestimmt wieder auf die Insel.<br>Noch ist es f\u00fcr uns noch nicht so richtig fassbar, wir m\u00fcssen nach den \u201eFerien\u201c nicht nach Hause fahren. Ach ja nach Hause k\u00f6nnen wir ja eh nicht, denn im Lagerhaus wo unser Hab und Gut eingelagert ist, k\u00f6nnen wir ja nicht wohnen. <br>Maintenant, nous sommes impatients de vivre l'aventure en Australie, nous vous en dirons plus \u00e0 ce moment-l\u00e0.<\/p>\n\n\n\n<figure class=\"wp-block-image size-large\"><img fetchpriority=\"high\" decoding=\"async\" width=\"1024\" height=\"682\" src=\"https:\/\/greiner.mu\/wp-content\/uploads\/2023\/03\/60C57A57-FFB0-4FA4-98E5-B41971B9AFA6-1024x682.jpeg\" alt=\"\" class=\"wp-image-695\" srcset=\"https:\/\/greiner.mu\/wp-content\/uploads\/2023\/03\/60C57A57-FFB0-4FA4-98E5-B41971B9AFA6-1024x682.jpeg 1024w, https:\/\/greiner.mu\/wp-content\/uploads\/2023\/03\/60C57A57-FFB0-4FA4-98E5-B41971B9AFA6-800x533.jpeg 800w, https:\/\/greiner.mu\/wp-content\/uploads\/2023\/03\/60C57A57-FFB0-4FA4-98E5-B41971B9AFA6-768x512.jpeg 768w, https:\/\/greiner.mu\/wp-content\/uploads\/2023\/03\/60C57A57-FFB0-4FA4-98E5-B41971B9AFA6-1200x800.jpeg 1200w, https:\/\/greiner.mu\/wp-content\/uploads\/2023\/03\/60C57A57-FFB0-4FA4-98E5-B41971B9AFA6.jpeg 1280w\" sizes=\"(max-width: 1024px) 100vw, 1024px\" \/><\/figure>","protected":false},"excerpt":{"rendered":"<p>Die 51 Tage hier auf Mauritius sind wie im Flug vergangen. Die Bilder sprechen r\u00fcckblickend&#8230;<\/p>","protected":false},"author":1,"featured_media":0,"comment_status":"open","ping_status":"open","sticky":false,"template":"","format":"standard","meta":{"pgc_sgb_lightbox_settings":"","footnotes":""},"categories":[8],"tags":[],"class_list":["post-694","post","type-post","status-publish","format-standard","hentry","category-mauritius"],"_links":{"self":[{"href":"https:\/\/greiner.mu\/fr\/wp-json\/wp\/v2\/posts\/694","targetHints":{"allow":["GET"]}}],"collection":[{"href":"https:\/\/greiner.mu\/fr\/wp-json\/wp\/v2\/posts"}],"about":[{"href":"https:\/\/greiner.mu\/fr\/wp-json\/wp\/v2\/types\/post"}],"author":[{"embeddable":true,"href":"https:\/\/greiner.mu\/fr\/wp-json\/wp\/v2\/users\/1"}],"replies":[{"embeddable":true,"href":"https:\/\/greiner.mu\/fr\/wp-json\/wp\/v2\/comments?post=694"}],"version-history":[{"count":4,"href":"https:\/\/greiner.mu\/fr\/wp-json\/wp\/v2\/posts\/694\/revisions"}],"predecessor-version":[{"id":699,"href":"https:\/\/greiner.mu\/fr\/wp-json\/wp\/v2\/posts\/694\/revisions\/699"}],"wp:attachment":[{"href":"https:\/\/greiner.mu\/fr\/wp-json\/wp\/v2\/media?parent=694"}],"wp:term":[{"taxonomy":"category","embeddable":true,"href":"https:\/\/greiner.mu\/fr\/wp-json\/wp\/v2\/categories?post=694"},{"taxonomy":"post_tag","embeddable":true,"href":"https:\/\/greiner.mu\/fr\/wp-json\/wp\/v2\/tags?post=694"}],"curies":[{"name":"wp","href":"https:\/\/api.w.org\/{rel}","templated":true}]}}